{"id":207,"date":"2025-11-29T14:39:54","date_gmt":"2025-11-29T13:39:54","guid":{"rendered":"https:\/\/relaunch.obs-westerstede.de\/?p=207"},"modified":"2025-12-10T12:08:59","modified_gmt":"2025-12-10T11:08:59","slug":"wintergala-und-basar-2025","status":"publish","type":"post","link":"https:\/\/relaunch.obs-westerstede.de\/index.php\/2025\/11\/29\/wintergala-und-basar-2025\/","title":{"rendered":"Wintergala und Basar 2025"},"content":{"rendered":"<p>[et_pb_section fb_built=&#8221;1&#8243; _builder_version=&#8221;4.16&#8243; global_colors_info=&#8221;{}&#8221; theme_builder_area=&#8221;post_content&#8221;][et_pb_row _builder_version=&#8221;4.27.4&#8243; _module_preset=&#8221;default&#8221; global_colors_info=&#8221;{}&#8221; theme_builder_area=&#8221;post_content&#8221;][et_pb_column type=&#8221;4_4&#8243; _builder_version=&#8221;4.27.4&#8243; _module_preset=&#8221;default&#8221; global_colors_info=&#8221;{}&#8221; theme_builder_area=&#8221;post_content&#8221;][et_pb_heading title=&#8221;Wintergala 2025 begeistert die Besucher&#8221; _builder_version=&#8221;4.27.4&#8243; _module_preset=&#8221;default&#8221; title_font=&#8221;&#8211;et_global_body_font|700|||||||&#8221; title_text_color=&#8221;#083A61&#8243; custom_margin=&#8221;20px||||false|false&#8221; custom_padding=&#8221;||1px|||&#8221; hover_enabled=&#8221;0&#8243; global_colors_info=&#8221;{}&#8221; theme_builder_area=&#8221;post_content&#8221; sticky_enabled=&#8221;0&#8243;][\/et_pb_heading][et_pb_text _builder_version=&#8221;4.27.4&#8243; _module_preset=&#8221;default&#8221; theme_builder_area=&#8221;post_content&#8221; hover_enabled=&#8221;0&#8243; sticky_enabled=&#8221;0&#8243;]<\/p>\n<p><span style=\"font-size: 17px;\">Pure Begeisterung, mitrei\u00dfende Stimmung und tosender Applaus f\u00fcllten am 27. und \u00a028. November das Forum an der Oberschule Westerstede.<\/span><\/p>\n<p>[\/et_pb_text][et_pb_image src=&#8221;https:\/\/relaunch.obs-westerstede.de\/wp-content\/uploads\/2025\/12\/MG_3634-scaled.jpg&#8221; title_text=&#8221;_MG_3634&#8243; _builder_version=&#8221;4.27.4&#8243; _module_preset=&#8221;default&#8221; width=&#8221;80%&#8221; module_alignment=&#8221;center&#8221; hover_enabled=&#8221;0&#8243; border_radii=&#8221;on|20px|20px|20px|20px&#8221; box_shadow_style=&#8221;preset1&#8243; box_shadow_color=&#8221;#545454&#8243; global_colors_info=&#8221;{}&#8221; theme_builder_area=&#8221;post_content&#8221; sticky_enabled=&#8221;0&#8243;][\/et_pb_image][\/et_pb_column][\/et_pb_row][et_pb_row _builder_version=&#8221;4.27.4&#8243; _module_preset=&#8221;default&#8221; global_colors_info=&#8221;{}&#8221; theme_builder_area=&#8221;post_content&#8221;][et_pb_column type=&#8221;4_4&#8243; _builder_version=&#8221;4.27.4&#8243; _module_preset=&#8221;default&#8221; global_colors_info=&#8221;{}&#8221; theme_builder_area=&#8221;post_content&#8221;][et_pb_text _builder_version=&#8221;4.27.4&#8243; _module_preset=&#8221;default&#8221; custom_padding=&#8221;||21px|||&#8221; global_colors_info=&#8221;{}&#8221; theme_builder_area=&#8221;post_content&#8221;]<\/p>\n<div class=\"ce_text first block\">\n<p>\u00a0<span style=\"font-size: 17px;\">Rund 130 Sch\u00fclerinnen und Sch\u00fcler der Klassen 5 &#8211; 10 brachten ein vielf\u00e4ltiges und leistungsstarkes Programm auf die B\u00fchne. Dabei waren besonders die j\u00fcngeren Jahrg\u00e4nge vertreten.<\/span><\/p>\n<p>Insgesamt wurden 22 unterschiedliche Beitr\u00e4ge, von Gesang \u00fcber Tanz und Theater bis hin zum Vorspiel auf dem eigenen Instrument und Akrobatik, von den jungen Stars einstudiert.<\/p>\n<p>Ganz gleich, ob es der Rap, der weihnachtliche Sketch, die gef\u00fchlvolle Ballade oder die atemberaubende Akrobatiknummer war, alle Akteure \u00fcberzeugten das Publikum auf ganzer Linie.<\/p>\n<p>Auch \u201eDe Schoolmeester\u201c waren mit einer musikalischen Schlittenfahrt vertreten.<\/p>\n<p>Der Kartenverkauf lief, wie in den vergangenen Jahren, rasant und die Veranstaltung am Freitag war innerhalb kurzer Zeit ausverkauft. Ein Grund hierf\u00fcr ist auch der Basar, den die Klassen jedes Jahr mit ihren Klassenlehrkr\u00e4ften in Eigenregie auf die Beine stellen. Es wurden selbst hergestellte Produkte verkauft und auch das leibliche Wohl kam nicht zu kurz.<\/p>\n<p>Eine rundum gelungene Veranstaltung.<\/p>\n<\/div>\n<p>[\/et_pb_text][\/et_pb_column][\/et_pb_row][et_pb_row _builder_version=&#8221;4.27.4&#8243; _module_preset=&#8221;default&#8221; global_colors_info=&#8221;{}&#8221; theme_builder_area=&#8221;post_content&#8221;][et_pb_column type=&#8221;4_4&#8243; _builder_version=&#8221;4.27.4&#8243; _module_preset=&#8221;default&#8221; global_colors_info=&#8221;{}&#8221; theme_builder_area=&#8221;post_content&#8221;][et_pb_gallery gallery_ids=&#8221;338,337,336,335,334,333,332,331,330,328,326,325,320,318,316,315,314,313,311&#8243; gallery_orderby=&#8221;rand&#8221; posts_number=&#8221;9&#8243; show_title_and_caption=&#8221;off&#8221; zoom_icon_color=&#8221;#7CDA24&#8243; hover_icon=&#8221;&#x30;||divi||400&#8243; _builder_version=&#8221;4.27.4&#8243; _module_preset=&#8221;default&#8221; background_color=&#8221;RGBA(255,255,255,0)&#8221; border_radii_image=&#8221;on|10px|10px|10px|10px&#8221; box_shadow_style_image=&#8221;preset2&#8243; global_colors_info=&#8221;{}&#8221; theme_builder_area=&#8221;post_content&#8221;][\/et_pb_gallery][\/et_pb_column][\/et_pb_row][\/et_pb_section]<\/p>\n","protected":false},"excerpt":{"rendered":"<p>Pure Begeisterung, mitrei\u00dfende Stimmung und tosender Applaus f\u00fcllten am 27. und \u00a028. November das Forum an der Oberschule Westerstede. \u00a0Rund 130 Sch\u00fclerinnen und Sch\u00fcler der Klassen 5 &#8211; 10 brachten ein vielf\u00e4ltiges und leistungsstarkes Programm auf die B\u00fchne. Dabei waren besonders die j\u00fcngeren Jahrg\u00e4nge vertreten. Insgesamt wurden 22 unterschiedliche Beitr\u00e4ge, von Gesang \u00fcber Tanz und [&hellip;]<\/p>\n","protected":false},"author":3,"featured_media":0,"comment_status":"open","ping_status":"open","sticky":false,"template":"","format":"standard","meta":{"_et_pb_use_builder":"on","_et_pb_old_content":"<!-- wp:details -->\n<details class=\"wp-block-details\"><summary>Hier einen Text<\/summary><!-- wp:paragraph {\"placeholder\":\"Gib \/ ein, um einen verborgenen Block hinzuzuf\u00fcgen\"} -->\n<p><\/p>\n<!-- \/wp:paragraph -->\n\n<!-- wp:gallery {\"linkTo\":\"none\",\"metadata\":{\"categories\":[\"gallery\"],\"patternName\":\"core\/two-images-side-by-side\",\"name\":\"Two images side by side\"},\"align\":\"wide\"} -->\n<figure class=\"wp-block-gallery alignwide has-nested-images columns-default is-cropped\"><!-- wp:image {\"sizeSlug\":\"large\",\"linkDestination\":\"none\"} -->\n<figure class=\"wp-block-image size-large\"><img src=\"https:\/\/s.w.org\/images\/core\/5.8\/nature-above-01.jpg\" alt=\"An aerial view of waves crashing against a shore.\"\/><\/figure>\n<!-- \/wp:image -->\n\n<!-- wp:image {\"sizeSlug\":\"large\",\"linkDestination\":\"none\"} -->\n<figure class=\"wp-block-image size-large\"><img src=\"https:\/\/s.w.org\/images\/core\/5.8\/nature-above-02.jpg\" alt=\"An aerial view of a field. A road runs through the upper right corner.\"\/><\/figure>\n<!-- \/wp:image --><\/figure>\n<!-- \/wp:gallery -->\n\n<!-- wp:cover {\"overlayColor\":\"black\",\"isUserOverlayColor\":true,\"minHeight\":66,\"minHeightUnit\":\"vh\",\"contentPosition\":\"center center\",\"metadata\":{\"categories\":[\"gallery\"],\"patternName\":\"core\/fullscreen-cover-image-gallery\",\"name\":\"Fullscreen cover image gallery\"},\"align\":\"full\",\"style\":{\"spacing\":{\"padding\":{\"top\":\"4vw\",\"right\":\"4vw\",\"bottom\":\"4vw\",\"left\":\"4vw\"}}}} -->\n<div class=\"wp-block-cover alignfull\" style=\"padding-top:4vw;padding-right:4vw;padding-bottom:4vw;padding-left:4vw;min-height:66vh\"><span aria-hidden=\"true\" class=\"wp-block-cover__background has-black-background-color has-background-dim-100 has-background-dim\"><\/span><div class=\"wp-block-cover__inner-container\"><!-- wp:group {\"style\":{\"spacing\":{\"blockGap\":\"4vw\"}},\"layout\":{\"type\":\"flex\",\"flexWrap\":\"nowrap\",\"justifyContent\":\"center\"}} -->\n<div class=\"wp-block-group\"><!-- wp:image {\"sizeSlug\":\"large\",\"linkDestination\":\"custom\"} -->\n<figure class=\"wp-block-image size-large\"><a href=\"https:\/\/thato.test\/?page_id=28\"><img src=\"https:\/\/pd.w.org\/2022\/01\/84661f60659149cc8.02053291.jpg\" alt=\"\"\/><\/a><\/figure>\n<!-- \/wp:image -->\n\n<!-- wp:image {\"sizeSlug\":\"large\",\"linkDestination\":\"custom\"} -->\n<figure class=\"wp-block-image size-large\"><a href=\"https:\/\/thato.test\/?page_id=28\"><img src=\"https:\/\/pd.w.org\/2022\/01\/21261f60ba46147b0.97888240.jpg\" alt=\"\"\/><\/a><\/figure>\n<!-- \/wp:image --><\/div>\n<!-- \/wp:group --><\/div><\/div>\n<!-- \/wp:cover -->\n\n<!-- wp:gallery {\"linkTo\":\"none\",\"metadata\":{\"categories\":[\"gallery\"],\"patternName\":\"core\/two-images-side-by-side\",\"name\":\"Two images side by side\"},\"align\":\"wide\"} -->\n<figure class=\"wp-block-gallery alignwide has-nested-images columns-default is-cropped\"><!-- wp:image {\"sizeSlug\":\"large\",\"linkDestination\":\"none\"} -->\n<figure class=\"wp-block-image size-large\"><img src=\"https:\/\/s.w.org\/images\/core\/5.8\/nature-above-01.jpg\" alt=\"An aerial view of waves crashing against a shore.\"\/><\/figure>\n<!-- \/wp:image -->\n\n<!-- wp:image {\"sizeSlug\":\"large\",\"linkDestination\":\"none\"} -->\n<figure class=\"wp-block-image size-large\"><img src=\"https:\/\/s.w.org\/images\/core\/5.8\/nature-above-02.jpg\" alt=\"An aerial view of a field. A road runs through the upper right corner.\"\/><\/figure>\n<!-- \/wp:image --><\/figure>\n<!-- \/wp:gallery --><\/details>\n<!-- \/wp:details -->","_et_gb_content_width":"","footnotes":""},"categories":[1],"tags":[],"class_list":["post-207","post","type-post","status-publish","format-standard","hentry","category-allgemein"],"_links":{"self":[{"href":"https:\/\/relaunch.obs-westerstede.de\/index.php\/wp-json\/wp\/v2\/posts\/207","targetHints":{"allow":["GET"]}}],"collection":[{"href":"https:\/\/relaunch.obs-westerstede.de\/index.php\/wp-json\/wp\/v2\/posts"}],"about":[{"href":"https:\/\/relaunch.obs-westerstede.de\/index.php\/wp-json\/wp\/v2\/types\/post"}],"author":[{"embeddable":true,"href":"https:\/\/relaunch.obs-westerstede.de\/index.php\/wp-json\/wp\/v2\/users\/3"}],"replies":[{"embeddable":true,"href":"https:\/\/relaunch.obs-westerstede.de\/index.php\/wp-json\/wp\/v2\/comments?post=207"}],"version-history":[{"count":10,"href":"https:\/\/relaunch.obs-westerstede.de\/index.php\/wp-json\/wp\/v2\/posts\/207\/revisions"}],"predecessor-version":[{"id":407,"href":"https:\/\/relaunch.obs-westerstede.de\/index.php\/wp-json\/wp\/v2\/posts\/207\/revisions\/407"}],"wp:attachment":[{"href":"https:\/\/relaunch.obs-westerstede.de\/index.php\/wp-json\/wp\/v2\/media?parent=207"}],"wp:term":[{"taxonomy":"category","embeddable":true,"href":"https:\/\/relaunch.obs-westerstede.de\/index.php\/wp-json\/wp\/v2\/categories?post=207"},{"taxonomy":"post_tag","embeddable":true,"href":"https:\/\/relaunch.obs-westerstede.de\/index.php\/wp-json\/wp\/v2\/tags?post=207"}],"curies":[{"name":"wp","href":"https:\/\/api.w.org\/{rel}","templated":true}]}}